{"id":648,"date":"2022-05-24T11:00:28","date_gmt":"2022-05-24T09:00:28","guid":{"rendered":"http:\/\/exnovolaw.verdelimon.es\/el-arrendamiento-de-viviendas-por-empresas-para-sus-empleados-irpf-e-iva\/"},"modified":"2022-05-24T11:00:28","modified_gmt":"2022-05-24T09:00:28","slug":"el-arrendamiento-de-viviendas-por-empresas-para-sus-empleados-irpf-e-iva","status":"publish","type":"post","link":"https:\/\/exnovo.law\/en\/el-arrendamiento-de-viviendas-por-empresas-para-sus-empleados-irpf-e-iva\/","title":{"rendered":"El arrendamiento de viviendas por empresas para sus empleados: IRPF e IVA"},"content":{"rendered":"\n<p>A menudo se plantea la siguiente duda en el propietario que alquila y en las empresas que alquilan para alojar a sus empleados.<\/p>\n\n\n\n<p>Empezando por el IRPF, un primer ejemplo lo encontramos en el art\u00edculo 23 de la LIRPF. Este art\u00edculo, en su apartado segundo, ofrece una&nbsp;<strong>reducci\u00f3n del 60% de los rendimientos netos positivos<\/strong>&nbsp;que se deriven del arrendamiento de un inmueble que sea destinado a vivienda. Dicho de otra forma, si somos propietarios de un inmueble y lo alquilamos a un tercero para \u00e9ste lo utilice como su vivienda, el rendimiento que obtengamos (los ingresos menos los gastos deducibles) podremos reducirlos en un 60%. Luego, s\u00f3lo pagaremos IRPF por el 40% del beneficio obtenido de alquilar un inmueble como vivienda.<\/p>\n\n\n\n<p>Es importante tener en cuenta la coletilla del art\u00edculo 23.2 de la LIRPF que dice: \u201cesta reducci\u00f3n s\u00f3lo resultar\u00e1 aplicable respecto de los rendimientos declarados por el contribuyente\u201d. Ello implica que, si no declaramos dichos ingresos y salen a la luz en un procedimiento de gesti\u00f3n tributaria posterior, ya no podremos beneficiarnos de esta ventaja&nbsp;<strong>fiscal.<\/strong><\/p>\n\n\n\n<p><em>\u00bfPuedo aplicar esta bonificaci\u00f3n de la LIRPF cuando estoy alquilando un inmueble a una empresa para que \u00e9ste constituya la vivienda de alguno de sus empleados?<\/em><\/p>\n\n\n\n<p>La respuesta es s\u00ed. Esta bonificaci\u00f3n resulta igualmente aplicable cuando&nbsp;<strong>el arrendatario es una persona jur\u00eddica<\/strong>&nbsp;que alquila un inmueble para que constituya la vivienda de alguno de sus empleados.<\/p>\n\n\n\n<p>Sin embargo, para poder aplicar la reducci\u00f3n del art\u00edculo 23.2 LIRPF cuando el arrendatario sea una persona jur\u00eddica, ser\u00e1 preciso que el inmueble constituya la vivienda permanente de una persona f\u00edsica determinada: el contrato debe decir qui\u00e9n va a vivir ah\u00ed.<\/p>\n\n\n\n<p>Esto \u00faltimo fue dilucidado por la Subdirecci\u00f3n General de Impuestos sobre la Renta de las Personas F\u00edsicas en&nbsp;<a href=\"https:\/\/petete.tributos.hacienda.gob.es\/consultas\/?num_consulta=V3456-19\">la Consulta Vinculante V3456-19, de 19 de diciembre de 2019<\/a>.<\/p>\n\n\n\n<p>La consultante ten\u00eda alquilada una vivienda de su propiedad a una persona jur\u00eddica, siendo el objeto del contrato de arrendamiento el alquiler de dicha vivienda para que fuera destinada exclusivamente a constituir la vivienda permanente de la arrendataria, no pudiendo la sociedad instalar en la misma ni comercio, ni industria ni siquiera manual, ni oficina o despacho profesional.<\/p>\n\n\n\n<p>Si bien ven\u00eda exigi\u00e9ndose que un arrendamiento de un bien inmueble destinado a vivienda era aqu\u00e9l que reca\u00eda sobe una edificaci\u00f3n habitable cuyo destino primordial sea satisfacer la necesidad permanente de vivienda del arrendatario,&nbsp;<a href=\"https:\/\/serviciostelematicos.minhap.gob.es\/DYCTEA\/criterio.aspx?id=00\/05138\/2013\/00\/0\/1&amp;q=s%3d1%26rn%3d%26ra%3d%26fd%3d08%2f09%2f2016%26fh%3d08%2f09%2f2016%26u%3d%26n%3d%26p%3d%26c1%3d%26c2%3d%26c3%3d%26tc%3d1%26tr%3d%26tp%3d%26tf%3d%26c%3d2%26pg%3d\">la resoluci\u00f3n del TEAC de 8 de septiembre de 2016,<\/a>&nbsp;de unificaci\u00f3n de criterio, suaviz\u00f3 esta exigencia de modo que, cuando el arrendatario sea una persona jur\u00eddica, bastar\u00e1 con que quede acreditado&nbsp;<strong>que el inmueble se destina a la vivienda de determinadas personas f\u00edsicas.<\/strong>&nbsp;Para ello, ser\u00e1 preciso que en el contrato de arrendamiento conste expresamente el nombre de la\/s persona\/s que efectivamente vivir\u00e1n en el inmueble.<\/p>\n\n\n\n<p>En el caso en cuesti\u00f3n, en el contrato de arrendamiento constaba que el inmueble que se alquilaba se destinaba a vivienda permanente de la sociedad arrendataria, pero sin que constase que su uso exclusivo reca\u00eda en una persona f\u00edsica determinada, por lo que no result\u00f3 de aplicaci\u00f3n la reducci\u00f3n prevista en el art\u00edculo 23.2 de la LIRPF.<\/p>\n\n\n\n<p>Cuando hablamos de \u201cempresa\u201d y \u201cempleado\u201d, autom\u00e1ticamente los vinculamos con una relaci\u00f3n laboral entre ambos, pero&nbsp;<em>\u00bfqu\u00e9 pasa cuando no hay una relaci\u00f3n laboral entre la empresa y la persona a la cual cede el uso del inmueble<\/em>?<\/p>\n\n\n\n<p>Cuando no haya relaci\u00f3n laboral entre la empresa y la persona a la cual \u00e9sta cede el inmueble (desde la perspectiva del art. 1 de la Ley del Estatuto de Trabajadores), no podr\u00e1 aplicarse todas las exenciones anteriores. As\u00ed lo entendi\u00f3 la Subdirecci\u00f3n General de Impuestos de Impuestos sobre la Renta de las Personas F\u00edsicas en la resoluci\u00f3n de&nbsp;<a href=\"https:\/\/petete.tributos.hacienda.gob.es\/consultas\/?num_consulta=V1565-18\">la Consulta Vinculante V1565-18<\/a>. En este caso, la consultante era la propietaria de un inmueble que lo arrend\u00f3 a una sociedad que lo iba a destinar al uso como vivienda de su administrador. En su contestaci\u00f3n, en lo que refiere al IRPF, la Subdirecci\u00f3n General de Impuestos argument\u00f3 que la inexistencia de una relaci\u00f3n laboral determina que no resulta de aplicaci\u00f3n la excepci\u00f3n prevista para el arrendamiento de vivienda por empresas para sus empleados, por lo que la sociedad arrendataria deb\u00eda practicar retenci\u00f3n sobre los rendimientos satisfechos.<\/p>\n\n\n\n<p>Para terminar con el IRPF y partiendo de la premisa que estamos ante una relaci\u00f3n laboral,&nbsp;<em>\u00bfdebe practicarse retenci\u00f3n de IRPF por ser la persona quien paga la renta una persona jur\u00eddica?<\/em><\/p>\n\n\n\n<p>Aunque puede parecer l\u00f3gico que el arrendador deba practicar retenci\u00f3n a cuenta del IRPF por ser el arrendatario una persona jur\u00eddica, el art\u00edculo 75.3.g) del Reglamento del IRPF exime al arrendador de la obligaci\u00f3n de retener en el supuesto que aqu\u00ed tratamos. En concreto, este art\u00edculo dice que<strong>&nbsp;no existir\u00e1 la obligaci\u00f3n de practicar retenci\u00f3n o ingreso a cuenta<\/strong>&nbsp;sobre los rendimientos procedentes del arrendamiento o subarrendamiento de inmuebles urbanos cuando se trate de arrendamiento de vivienda por empresas para sus empleados.<\/p>\n\n\n\n<p>Si pasamos al tratamiento del&nbsp;<strong>IVA<\/strong>, encontramos en el art\u00edculo 20. Uno. 23\u00ba de la LIVA que&nbsp;<strong>el arrendamiento de inmuebles destinados a viviendas es una operaci\u00f3n exenta<\/strong>&nbsp;de este impuesto. Es decir, el arrendador no repercutir\u00e1 ni ingresar\u00e1 el impuesto, ni el arrendatario est\u00e1 obligado a soportarlo. Debemos remarcar que esta exenci\u00f3n se aplica s\u00f3lo cuando el inmueble se destina al&nbsp;<strong>uso exclusivo de vivienda<\/strong>. Esta exenci\u00f3n tambi\u00e9n se extiende a garajes y anexos accesorios de la vivienda.<\/p>\n\n\n\n<p>No obstante, ese mismo art\u00edculo lista varios supuestos en los que no proceder\u00e1 la exenci\u00f3n. Entre ellos destacamos que deber\u00e1n gravarse con IVA aquellos arrendamientos en los que el arrendador se obligue a la prestaci\u00f3n de servicios accesorios como los de restaurante, limpieza o lavander\u00eda, los arrendamientos con opci\u00f3n de compra de terrenos o viviendas cuya entrega estuviese sujeta y no exenta al impuesto, o los arrendamientos de edificios para ser subarrendados.<\/p>\n\n\n\n<p>Llegados a este punto, seguramente la pregunta que nos surge a todos es:&nbsp;<em>\u00bflos arrendamientos realizados por una empresa para destinar la vivienda sus empleados deber\u00e1n estar gravados con IVA?<\/em><\/p>\n\n\n\n<p>Han sido numerosas las consultas realizadas con ese respecto y la Administraci\u00f3n siempre hab\u00eda sido muy clara en su posicionamiento: cuando el arrendatario era una persona jur\u00eddica, la operaci\u00f3n estaba sujeta y no exenta de IVA, independientemente que el empresario cediera<\/p>\n\n\n\n<p>posteriormente el uso del inmueble a sus empleados para que constituyera su vivienda habitual. Por lo tanto, el arrendamiento de la vivienda tributaba al tipo impositivo general del 21%.<\/p>\n\n\n\n<p>Hacienda justificaba este posicionamiento con el argumento de que para que un arrendamiento pudiese estar exento de IVA, adem\u00e1s de que el destino efectivo del objeto del contrato de arrendamiento fuera el de vivienda, el uso del inmueble como vivienda deb\u00eda realizarse necesaria y directamente por el arrendatario, y no por terceras personas, apoy\u00e1ndose en la no inclusi\u00f3n del subarriendo en la exenci\u00f3n del art\u00edculo 20. Uno. 23\u00ba de la LIVA.<\/p>\n\n\n\n<p>Sin embargo, ya hace unos a\u00f1os que se el TEAC, en una&nbsp;<a href=\"https:\/\/serviciostelematicos.minhap.gob.es\/DYCTEA\/criterio.aspx?id=00\/03856\/2013\/00\/0\/1&amp;q=s%3d1%26rn%3d%26ra%3d%26fd%3d15%2f12%2f2016%26fh%3d15%2f12%2f2016%26u%3d%26n%3d%26p%3d%26c1%3d%26c2%3d%26c3%3d%26tc%3d1%26tr%3d%26tp%3d%26tf%3d%26c%3d2%26pg%3d\">resoluci\u00f3n del 15 de diciembre de 2016<\/a>, decidi\u00f3 cambiar de criterio y aplicar en materia de IVA el criterio explicado anteriormente en materia de IRPF. Eso es, si las estipulaciones contractuales del arrendamiento evidencian que el contrato se pact\u00f3 con la \u00fanica finalidad de que el inmueble fuese objeto de uso por una persona f\u00edsica concreta, proceder\u00e1 la exenci\u00f3n de IVA, aunque el arrendatario sea una persona jur\u00eddica en el ejercicio de una actividad empresarial. Por lo tanto, no se entender\u00e1 que hay subarrendamiento cuando quede acreditado que la intenci\u00f3n del arrendatario es \u201cdestinarlo directamente a un uso efectivo y propio como vivienda por parte de una persona f\u00edsica concreta, la cual debe figurar necesariamente como usuaria en el propio contrato de arrendamiento, y que, por tanto, no puede destinarse a su uso por persona distinta al tener prohibida el arrendatario la facultad de subarrendar o ceder la vivienda a terceros\u201d (Consulta Vinculante V1565-18).<\/p>\n\n\n\n<p>Dicho todo eso, debemos responder de manera negativa la anterior cuesti\u00f3n. Los arrendamientos realizados por una empresa para sus empleados no deber\u00e1n estar gravados con IVA, siempre y cuando en el contrato de arrendamiento se determine la persona concreta que vaya a hacer uso de esta vivienda.<\/p>\n","protected":false},"excerpt":{"rendered":"<p>A menudo se plantea la siguiente duda en el propietario que alquila y en las empresas que alquilan para alojar a sus empleados. Empezando por el IRPF, un primer ejemplo lo encontramos en el art\u00edculo 23 de la LIRPF. Este art\u00edculo, en su apartado segundo, ofrece una&nbsp;reducci\u00f3n del 60% de los rendimientos netos positivos&nbsp;que se [&hellip;]<\/p>\n","protected":false},"author":5,"featured_media":547,"comment_status":"closed","ping_status":"closed","sticky":false,"template":"","format":"standard","meta":{"_acf_changed":false,"inline_featured_image":false,"footnotes":""},"categories":[36],"tags":[],"class_list":["post-648","post","type-post","status-publish","format-standard","has-post-thumbnail","hentry","category-legal-advice"],"acf":[],"yoast_head":"<!-- This site is optimized with the Yoast SEO plugin v27.4 - https:\/\/yoast.com\/product\/yoast-seo-wordpress\/ -->\n<title>El arrendamiento de viviendas por empresas para sus empleados: IRPF e IVA &#8211; EXNOVO Law<\/title>\n<meta name=\"robots\" content=\"index, follow, max-snippet:-1, max-image-preview:large, max-video-preview:-1\" \/>\n<link rel=\"canonical\" href=\"https:\/\/exnovo.law\/en\/el-arrendamiento-de-viviendas-por-empresas-para-sus-empleados-irpf-e-iva\/\" \/>\n<meta property=\"og:locale\" content=\"en_US\" \/>\n<meta property=\"og:type\" content=\"article\" \/>\n<meta property=\"og:title\" content=\"El arrendamiento de viviendas por empresas para sus empleados: IRPF e IVA &#8211; EXNOVO Law\" \/>\n<meta property=\"og:description\" content=\"A menudo se plantea la siguiente duda en el propietario que alquila y en las empresas que alquilan para alojar a sus empleados. Empezando por el IRPF, un primer ejemplo lo encontramos en el art\u00edculo 23 de la LIRPF. Este art\u00edculo, en su apartado segundo, ofrece una&nbsp;reducci\u00f3n del 60% de los rendimientos netos positivos&nbsp;que se [&hellip;]\" \/>\n<meta property=\"og:url\" content=\"https:\/\/exnovo.law\/en\/el-arrendamiento-de-viviendas-por-empresas-para-sus-empleados-irpf-e-iva\/\" \/>\n<meta property=\"og:site_name\" content=\"EXNOVO Law\" \/>\n<meta property=\"article:published_time\" content=\"2022-05-24T09:00:28+00:00\" \/>\n<meta property=\"og:image\" content=\"https:\/\/exnovo.law\/wp-content\/uploads\/2022\/05\/el-arrendamiento-de-viviendas-por-empresas-para-sus-empleados-irpf-e-iva.jpg\" \/>\n\t<meta property=\"og:image:width\" content=\"1920\" \/>\n\t<meta property=\"og:image:height\" content=\"1441\" \/>\n\t<meta property=\"og:image:type\" content=\"image\/jpeg\" \/>\n<meta name=\"author\" content=\"admin\" \/>\n<meta name=\"twitter:card\" content=\"summary_large_image\" \/>\n<meta name=\"twitter:label1\" content=\"Written by\" \/>\n\t<meta name=\"twitter:data1\" content=\"admin\" \/>\n\t<meta name=\"twitter:label2\" content=\"Est. reading time\" \/>\n\t<meta name=\"twitter:data2\" content=\"7 minutes\" \/>\n<script type=\"application\/ld+json\" class=\"yoast-schema-graph\">{\"@context\":\"https:\\\/\\\/schema.org\",\"@graph\":[{\"@type\":\"Article\",\"@id\":\"https:\\\/\\\/exnovo.law\\\/en\\\/el-arrendamiento-de-viviendas-por-empresas-para-sus-empleados-irpf-e-iva\\\/#article\",\"isPartOf\":{\"@id\":\"https:\\\/\\\/exnovo.law\\\/en\\\/el-arrendamiento-de-viviendas-por-empresas-para-sus-empleados-irpf-e-iva\\\/\"},\"author\":{\"name\":\"admin\",\"@id\":\"https:\\\/\\\/exnovo.law\\\/#\\\/schema\\\/person\\\/c401608eb1144630b12c9ab2442e5621\"},\"headline\":\"El arrendamiento de viviendas por empresas para sus empleados: IRPF e IVA\",\"datePublished\":\"2022-05-24T09:00:28+00:00\",\"mainEntityOfPage\":{\"@id\":\"https:\\\/\\\/exnovo.law\\\/en\\\/el-arrendamiento-de-viviendas-por-empresas-para-sus-empleados-irpf-e-iva\\\/\"},\"wordCount\":1464,\"publisher\":{\"@id\":\"https:\\\/\\\/exnovo.law\\\/#organization\"},\"image\":{\"@id\":\"https:\\\/\\\/exnovo.law\\\/en\\\/el-arrendamiento-de-viviendas-por-empresas-para-sus-empleados-irpf-e-iva\\\/#primaryimage\"},\"thumbnailUrl\":\"https:\\\/\\\/exnovo.law\\\/wp-content\\\/uploads\\\/2022\\\/05\\\/el-arrendamiento-de-viviendas-por-empresas-para-sus-empleados-irpf-e-iva.jpg\",\"articleSection\":[\"Legal advice\"],\"inLanguage\":\"en-US\"},{\"@type\":\"WebPage\",\"@id\":\"https:\\\/\\\/exnovo.law\\\/en\\\/el-arrendamiento-de-viviendas-por-empresas-para-sus-empleados-irpf-e-iva\\\/\",\"url\":\"https:\\\/\\\/exnovo.law\\\/en\\\/el-arrendamiento-de-viviendas-por-empresas-para-sus-empleados-irpf-e-iva\\\/\",\"name\":\"El arrendamiento de viviendas por empresas para sus empleados: IRPF e IVA &#8211; EXNOVO Law\",\"isPartOf\":{\"@id\":\"https:\\\/\\\/exnovo.law\\\/#website\"},\"primaryImageOfPage\":{\"@id\":\"https:\\\/\\\/exnovo.law\\\/en\\\/el-arrendamiento-de-viviendas-por-empresas-para-sus-empleados-irpf-e-iva\\\/#primaryimage\"},\"image\":{\"@id\":\"https:\\\/\\\/exnovo.law\\\/en\\\/el-arrendamiento-de-viviendas-por-empresas-para-sus-empleados-irpf-e-iva\\\/#primaryimage\"},\"thumbnailUrl\":\"https:\\\/\\\/exnovo.law\\\/wp-content\\\/uploads\\\/2022\\\/05\\\/el-arrendamiento-de-viviendas-por-empresas-para-sus-empleados-irpf-e-iva.jpg\",\"datePublished\":\"2022-05-24T09:00:28+00:00\",\"breadcrumb\":{\"@id\":\"https:\\\/\\\/exnovo.law\\\/en\\\/el-arrendamiento-de-viviendas-por-empresas-para-sus-empleados-irpf-e-iva\\\/#breadcrumb\"},\"inLanguage\":\"en-US\",\"potentialAction\":[{\"@type\":\"ReadAction\",\"target\":[\"https:\\\/\\\/exnovo.law\\\/en\\\/el-arrendamiento-de-viviendas-por-empresas-para-sus-empleados-irpf-e-iva\\\/\"]}]},{\"@type\":\"ImageObject\",\"inLanguage\":\"en-US\",\"@id\":\"https:\\\/\\\/exnovo.law\\\/en\\\/el-arrendamiento-de-viviendas-por-empresas-para-sus-empleados-irpf-e-iva\\\/#primaryimage\",\"url\":\"https:\\\/\\\/exnovo.law\\\/wp-content\\\/uploads\\\/2022\\\/05\\\/el-arrendamiento-de-viviendas-por-empresas-para-sus-empleados-irpf-e-iva.jpg\",\"contentUrl\":\"https:\\\/\\\/exnovo.law\\\/wp-content\\\/uploads\\\/2022\\\/05\\\/el-arrendamiento-de-viviendas-por-empresas-para-sus-empleados-irpf-e-iva.jpg\",\"width\":1920,\"height\":1441},{\"@type\":\"BreadcrumbList\",\"@id\":\"https:\\\/\\\/exnovo.law\\\/en\\\/el-arrendamiento-de-viviendas-por-empresas-para-sus-empleados-irpf-e-iva\\\/#breadcrumb\",\"itemListElement\":[{\"@type\":\"ListItem\",\"position\":1,\"name\":\"Portada\",\"item\":\"https:\\\/\\\/exnovo.law\\\/en\\\/\"},{\"@type\":\"ListItem\",\"position\":2,\"name\":\"El arrendamiento de viviendas por empresas para sus empleados: IRPF e IVA\"}]},{\"@type\":\"WebSite\",\"@id\":\"https:\\\/\\\/exnovo.law\\\/#website\",\"url\":\"https:\\\/\\\/exnovo.law\\\/\",\"name\":\"EXNOVO Law\",\"description\":\"Performing value\",\"publisher\":{\"@id\":\"https:\\\/\\\/exnovo.law\\\/#organization\"},\"potentialAction\":[{\"@type\":\"SearchAction\",\"target\":{\"@type\":\"EntryPoint\",\"urlTemplate\":\"https:\\\/\\\/exnovo.law\\\/?s={search_term_string}\"},\"query-input\":{\"@type\":\"PropertyValueSpecification\",\"valueRequired\":true,\"valueName\":\"search_term_string\"}}],\"inLanguage\":\"en-US\"},{\"@type\":\"Organization\",\"@id\":\"https:\\\/\\\/exnovo.law\\\/#organization\",\"name\":\"EXNOVO Law\u24c7\",\"url\":\"https:\\\/\\\/exnovo.law\\\/\",\"logo\":{\"@type\":\"ImageObject\",\"inLanguage\":\"en-US\",\"@id\":\"https:\\\/\\\/exnovo.law\\\/#\\\/schema\\\/logo\\\/image\\\/\",\"url\":\"https:\\\/\\\/exnovo.law\\\/wp-content\\\/uploads\\\/2022\\\/05\\\/exnovolaw-blue.svg\",\"contentUrl\":\"https:\\\/\\\/exnovo.law\\\/wp-content\\\/uploads\\\/2022\\\/05\\\/exnovolaw-blue.svg\",\"width\":170,\"height\":58,\"caption\":\"EXNOVO Law\u24c7\"},\"image\":{\"@id\":\"https:\\\/\\\/exnovo.law\\\/#\\\/schema\\\/logo\\\/image\\\/\"}},{\"@type\":\"Person\",\"@id\":\"https:\\\/\\\/exnovo.law\\\/#\\\/schema\\\/person\\\/c401608eb1144630b12c9ab2442e5621\",\"name\":\"admin\",\"image\":{\"@type\":\"ImageObject\",\"inLanguage\":\"en-US\",\"@id\":\"https:\\\/\\\/secure.gravatar.com\\\/avatar\\\/169652d5bdefdb170d5301922ec382b99cf62e49f492cfb3603b2663eddb2b9c?s=96&d=mm&r=g\",\"url\":\"https:\\\/\\\/secure.gravatar.com\\\/avatar\\\/169652d5bdefdb170d5301922ec382b99cf62e49f492cfb3603b2663eddb2b9c?s=96&d=mm&r=g\",\"contentUrl\":\"https:\\\/\\\/secure.gravatar.com\\\/avatar\\\/169652d5bdefdb170d5301922ec382b99cf62e49f492cfb3603b2663eddb2b9c?s=96&d=mm&r=g\",\"caption\":\"admin\"},\"sameAs\":[\"http:\\\/\\\/exnovolaw.verdelimon.es\"],\"url\":\"https:\\\/\\\/exnovo.law\\\/en\\\/author\\\/admin\\\/\"}]}<\/script>\n<!-- \/ Yoast SEO plugin. -->","yoast_head_json":{"title":"El arrendamiento de viviendas por empresas para sus empleados: IRPF e IVA &#8211; EXNOVO Law","robots":{"index":"index","follow":"follow","max-snippet":"max-snippet:-1","max-image-preview":"max-image-preview:large","max-video-preview":"max-video-preview:-1"},"canonical":"https:\/\/exnovo.law\/en\/el-arrendamiento-de-viviendas-por-empresas-para-sus-empleados-irpf-e-iva\/","og_locale":"en_US","og_type":"article","og_title":"El arrendamiento de viviendas por empresas para sus empleados: IRPF e IVA &#8211; EXNOVO Law","og_description":"A menudo se plantea la siguiente duda en el propietario que alquila y en las empresas que alquilan para alojar a sus empleados. Empezando por el IRPF, un primer ejemplo lo encontramos en el art\u00edculo 23 de la LIRPF. Este art\u00edculo, en su apartado segundo, ofrece una&nbsp;reducci\u00f3n del 60% de los rendimientos netos positivos&nbsp;que se [&hellip;]","og_url":"https:\/\/exnovo.law\/en\/el-arrendamiento-de-viviendas-por-empresas-para-sus-empleados-irpf-e-iva\/","og_site_name":"EXNOVO Law","article_published_time":"2022-05-24T09:00:28+00:00","og_image":[{"width":1920,"height":1441,"url":"https:\/\/exnovo.law\/wp-content\/uploads\/2022\/05\/el-arrendamiento-de-viviendas-por-empresas-para-sus-empleados-irpf-e-iva.jpg","type":"image\/jpeg"}],"author":"admin","twitter_card":"summary_large_image","twitter_misc":{"Written by":"admin","Est. reading time":"7 minutes"},"schema":{"@context":"https:\/\/schema.org","@graph":[{"@type":"Article","@id":"https:\/\/exnovo.law\/en\/el-arrendamiento-de-viviendas-por-empresas-para-sus-empleados-irpf-e-iva\/#article","isPartOf":{"@id":"https:\/\/exnovo.law\/en\/el-arrendamiento-de-viviendas-por-empresas-para-sus-empleados-irpf-e-iva\/"},"author":{"name":"admin","@id":"https:\/\/exnovo.law\/#\/schema\/person\/c401608eb1144630b12c9ab2442e5621"},"headline":"El arrendamiento de viviendas por empresas para sus empleados: IRPF e IVA","datePublished":"2022-05-24T09:00:28+00:00","mainEntityOfPage":{"@id":"https:\/\/exnovo.law\/en\/el-arrendamiento-de-viviendas-por-empresas-para-sus-empleados-irpf-e-iva\/"},"wordCount":1464,"publisher":{"@id":"https:\/\/exnovo.law\/#organization"},"image":{"@id":"https:\/\/exnovo.law\/en\/el-arrendamiento-de-viviendas-por-empresas-para-sus-empleados-irpf-e-iva\/#primaryimage"},"thumbnailUrl":"https:\/\/exnovo.law\/wp-content\/uploads\/2022\/05\/el-arrendamiento-de-viviendas-por-empresas-para-sus-empleados-irpf-e-iva.jpg","articleSection":["Legal advice"],"inLanguage":"en-US"},{"@type":"WebPage","@id":"https:\/\/exnovo.law\/en\/el-arrendamiento-de-viviendas-por-empresas-para-sus-empleados-irpf-e-iva\/","url":"https:\/\/exnovo.law\/en\/el-arrendamiento-de-viviendas-por-empresas-para-sus-empleados-irpf-e-iva\/","name":"El arrendamiento de viviendas por empresas para sus empleados: IRPF e IVA &#8211; EXNOVO Law","isPartOf":{"@id":"https:\/\/exnovo.law\/#website"},"primaryImageOfPage":{"@id":"https:\/\/exnovo.law\/en\/el-arrendamiento-de-viviendas-por-empresas-para-sus-empleados-irpf-e-iva\/#primaryimage"},"image":{"@id":"https:\/\/exnovo.law\/en\/el-arrendamiento-de-viviendas-por-empresas-para-sus-empleados-irpf-e-iva\/#primaryimage"},"thumbnailUrl":"https:\/\/exnovo.law\/wp-content\/uploads\/2022\/05\/el-arrendamiento-de-viviendas-por-empresas-para-sus-empleados-irpf-e-iva.jpg","datePublished":"2022-05-24T09:00:28+00:00","breadcrumb":{"@id":"https:\/\/exnovo.law\/en\/el-arrendamiento-de-viviendas-por-empresas-para-sus-empleados-irpf-e-iva\/#breadcrumb"},"inLanguage":"en-US","potentialAction":[{"@type":"ReadAction","target":["https:\/\/exnovo.law\/en\/el-arrendamiento-de-viviendas-por-empresas-para-sus-empleados-irpf-e-iva\/"]}]},{"@type":"ImageObject","inLanguage":"en-US","@id":"https:\/\/exnovo.law\/en\/el-arrendamiento-de-viviendas-por-empresas-para-sus-empleados-irpf-e-iva\/#primaryimage","url":"https:\/\/exnovo.law\/wp-content\/uploads\/2022\/05\/el-arrendamiento-de-viviendas-por-empresas-para-sus-empleados-irpf-e-iva.jpg","contentUrl":"https:\/\/exnovo.law\/wp-content\/uploads\/2022\/05\/el-arrendamiento-de-viviendas-por-empresas-para-sus-empleados-irpf-e-iva.jpg","width":1920,"height":1441},{"@type":"BreadcrumbList","@id":"https:\/\/exnovo.law\/en\/el-arrendamiento-de-viviendas-por-empresas-para-sus-empleados-irpf-e-iva\/#breadcrumb","itemListElement":[{"@type":"ListItem","position":1,"name":"Portada","item":"https:\/\/exnovo.law\/en\/"},{"@type":"ListItem","position":2,"name":"El arrendamiento de viviendas por empresas para sus empleados: IRPF e IVA"}]},{"@type":"WebSite","@id":"https:\/\/exnovo.law\/#website","url":"https:\/\/exnovo.law\/","name":"EXNOVO Law","description":"Performing value","publisher":{"@id":"https:\/\/exnovo.law\/#organization"},"potentialAction":[{"@type":"SearchAction","target":{"@type":"EntryPoint","urlTemplate":"https:\/\/exnovo.law\/?s={search_term_string}"},"query-input":{"@type":"PropertyValueSpecification","valueRequired":true,"valueName":"search_term_string"}}],"inLanguage":"en-US"},{"@type":"Organization","@id":"https:\/\/exnovo.law\/#organization","name":"EXNOVO Law\u24c7","url":"https:\/\/exnovo.law\/","logo":{"@type":"ImageObject","inLanguage":"en-US","@id":"https:\/\/exnovo.law\/#\/schema\/logo\/image\/","url":"https:\/\/exnovo.law\/wp-content\/uploads\/2022\/05\/exnovolaw-blue.svg","contentUrl":"https:\/\/exnovo.law\/wp-content\/uploads\/2022\/05\/exnovolaw-blue.svg","width":170,"height":58,"caption":"EXNOVO Law\u24c7"},"image":{"@id":"https:\/\/exnovo.law\/#\/schema\/logo\/image\/"}},{"@type":"Person","@id":"https:\/\/exnovo.law\/#\/schema\/person\/c401608eb1144630b12c9ab2442e5621","name":"admin","image":{"@type":"ImageObject","inLanguage":"en-US","@id":"https:\/\/secure.gravatar.com\/avatar\/169652d5bdefdb170d5301922ec382b99cf62e49f492cfb3603b2663eddb2b9c?s=96&d=mm&r=g","url":"https:\/\/secure.gravatar.com\/avatar\/169652d5bdefdb170d5301922ec382b99cf62e49f492cfb3603b2663eddb2b9c?s=96&d=mm&r=g","contentUrl":"https:\/\/secure.gravatar.com\/avatar\/169652d5bdefdb170d5301922ec382b99cf62e49f492cfb3603b2663eddb2b9c?s=96&d=mm&r=g","caption":"admin"},"sameAs":["http:\/\/exnovolaw.verdelimon.es"],"url":"https:\/\/exnovo.law\/en\/author\/admin\/"}]}},"_links":{"self":[{"href":"https:\/\/exnovo.law\/en\/wp-json\/wp\/v2\/posts\/648","targetHints":{"allow":["GET"]}}],"collection":[{"href":"https:\/\/exnovo.law\/en\/wp-json\/wp\/v2\/posts"}],"about":[{"href":"https:\/\/exnovo.law\/en\/wp-json\/wp\/v2\/types\/post"}],"author":[{"embeddable":true,"href":"https:\/\/exnovo.law\/en\/wp-json\/wp\/v2\/users\/5"}],"replies":[{"embeddable":true,"href":"https:\/\/exnovo.law\/en\/wp-json\/wp\/v2\/comments?post=648"}],"version-history":[{"count":0,"href":"https:\/\/exnovo.law\/en\/wp-json\/wp\/v2\/posts\/648\/revisions"}],"wp:featuredmedia":[{"embeddable":true,"href":"https:\/\/exnovo.law\/en\/wp-json\/wp\/v2\/media\/547"}],"wp:attachment":[{"href":"https:\/\/exnovo.law\/en\/wp-json\/wp\/v2\/media?parent=648"}],"wp:term":[{"taxonomy":"category","embeddable":true,"href":"https:\/\/exnovo.law\/en\/wp-json\/wp\/v2\/categories?post=648"},{"taxonomy":"post_tag","embeddable":true,"href":"https:\/\/exnovo.law\/en\/wp-json\/wp\/v2\/tags?post=648"}],"curies":[{"name":"wp","href":"https:\/\/api.w.org\/{rel}","templated":true}]}}